{"id":1249,"date":"2015-12-04T17:22:31","date_gmt":"2015-12-04T17:22:31","guid":{"rendered":"https:\/\/uphill.cat\/?p=1249"},"modified":"2015-12-04T17:22:31","modified_gmt":"2015-12-04T17:22:31","slug":"crisis-y-transicion","status":"publish","type":"post","link":"https:\/\/uphill.cat\/es\/crisis-y-transicion\/","title":{"rendered":"Crisis y transici\u00f3n:"},"content":{"rendered":"<p class=\"Standard\" style=\"text-align: justify; text-justify: inter-ideograph;\"><span style=\"font-size: 14.0pt;\">Las crisis son m\u00e1s limitadas en el tiempo. Implican disconfort emocional. Se producen por qu\u00e9 no est\u00e1n disponibles las habilidades para hacer frente a las situaciones problem\u00e1ticas de la vida.<\/span><\/p>\n<p class=\"Standard\" style=\"text-align: justify; text-justify: inter-ideograph;\"><span style=\"font-size: 14.0pt;\">Las transiciones son m\u00e1s extensas en el tiempo y suponen pasar de un estado (personal, social, vital&#8230;) a otro distinto.<\/span><\/p>\n<p class=\"Standard\" style=\"text-align: justify; text-justify: inter-ideograph;\"><span style=\"font-size: 14.0pt;\">Las transiciones estar\u00edan dentro del dominio de la psicolog\u00eda evolutiva.<\/span><\/p>\n<p class=\"Standard\" style=\"text-align: justify; text-justify: inter-ideograph;\"><span style=\"font-size: 14.0pt;\">El que una transici\u00f3n suponga una oportunidad para madurar personalmente depende de:<\/span><\/p>\n<p class=\"Standard\" style=\"text-align: justify; text-justify: inter-ideograph;\"><span style=\"font-size: 14.0pt;\">-transici\u00f3n deseada o no, global o no&#8230;<\/span><\/p>\n<p class=\"Standard\" style=\"text-align: justify; text-justify: inter-ideograph;\"><span style=\"font-size: 14.0pt;\">-Aspectos de la persona: sexo, edad, nivel cultural&#8230;<\/span><\/p>\n<p class=\"Standard\" style=\"text-align: justify; text-justify: inter-ideograph;\"><span style=\"font-size: 14.0pt;\">-Disposici\u00f3n o no de apoyo social.<\/span><\/p>\n<p class=\"Standard\" style=\"text-align: justify; text-justify: inter-ideograph;\"><span style=\"font-size: 14.0pt;\">-Habilidades de la persona para llevar a cabo esa transici\u00f3n.<\/span><\/p>\n<p class=\"Standard\" style=\"text-align: justify; text-justify: inter-ideograph;\"><span style=\"font-size: 14.0pt;\">En una transici\u00f3n se dan distintas fases, pero es en el per\u00edodo neutro donde la persona no se percibe ni asentado en la etapa anterior ni en la posterior. Esta fase es la que m\u00e1s malestar puede producir al usuario y en la que m\u00e1s crisis y m\u00e1s intensas pueden tener lugar.<\/span><\/p>\n","protected":false},"excerpt":{"rendered":"<p>Las crisis son m\u00e1s limitadas en el tiempo. Implican disconfort emocional. Se producen por qu\u00e9 no est\u00e1n disponibles las habilidades para hacer frente a las situaciones problem\u00e1ticas de la vida. Las transiciones son m\u00e1s extensas en el tiempo y suponen pasar de un estado (personal, social, vital&#8230;) a otro distinto. Las transiciones estar\u00edan dentro del [&hellip;]<\/p>\n","protected":false},"author":3,"featured_media":1247,"comment_status":"open","ping_status":"closed","sticky":false,"template":"","format":"standard","meta":{"_et_pb_use_builder":"","_et_pb_old_content":"","_et_gb_content_width":"","wp_popup_display_lightbox":0,"wp_popup_suppress":"","wp_popup_trigger":"","wp_popup_trigger_amount":0,"wp_popup_disable_on_mobile":false,"footnotes":""},"categories":[23],"tags":[],"class_list":["post-1249","post","type-post","status-publish","format-standard","has-post-thumbnail","hentry","category-blog-es"],"_links":{"self":[{"href":"https:\/\/uphill.cat\/es\/wp-json\/wp\/v2\/posts\/1249","targetHints":{"allow":["GET"]}}],"collection":[{"href":"https:\/\/uphill.cat\/es\/wp-json\/wp\/v2\/posts"}],"about":[{"href":"https:\/\/uphill.cat\/es\/wp-json\/wp\/v2\/types\/post"}],"author":[{"embeddable":true,"href":"https:\/\/uphill.cat\/es\/wp-json\/wp\/v2\/users\/3"}],"replies":[{"embeddable":true,"href":"https:\/\/uphill.cat\/es\/wp-json\/wp\/v2\/comments?post=1249"}],"version-history":[{"count":1,"href":"https:\/\/uphill.cat\/es\/wp-json\/wp\/v2\/posts\/1249\/revisions"}],"predecessor-version":[{"id":1250,"href":"https:\/\/uphill.cat\/es\/wp-json\/wp\/v2\/posts\/1249\/revisions\/1250"}],"wp:featuredmedia":[{"embeddable":true,"href":"https:\/\/uphill.cat\/es\/wp-json\/wp\/v2\/media\/1247"}],"wp:attachment":[{"href":"https:\/\/uphill.cat\/es\/wp-json\/wp\/v2\/media?parent=1249"}],"wp:term":[{"taxonomy":"category","embeddable":true,"href":"https:\/\/uphill.cat\/es\/wp-json\/wp\/v2\/categories?post=1249"},{"taxonomy":"post_tag","embeddable":true,"href":"https:\/\/uphill.cat\/es\/wp-json\/wp\/v2\/tags?post=1249"}],"curies":[{"name":"wp","href":"https:\/\/api.w.org\/{rel}","templated":true}]}}