{"id":1838,"date":"2021-04-22T07:06:03","date_gmt":"2021-04-22T07:06:03","guid":{"rendered":"https:\/\/uphill.cat\/?p=1838"},"modified":"2021-04-22T07:06:04","modified_gmt":"2021-04-22T07:06:04","slug":"factoresriesgo","status":"publish","type":"post","link":"https:\/\/uphill.cat\/es\/factoresriesgo\/","title":{"rendered":"Factores de riesgo de las adicciones"},"content":{"rendered":"\n<figure class=\"wp-block-image size-large\"><img loading=\"lazy\" decoding=\"async\" width=\"1024\" height=\"601\" src=\"https:\/\/uphill.cat\/wp-content\/uploads\/2021\/04\/pexels-photo-5849597-1-1024x601.jpeg\" alt=\"\" class=\"wp-image-1839\" srcset=\"https:\/\/uphill.cat\/wp-content\/uploads\/2021\/04\/pexels-photo-5849597-1-980x575.jpeg 980w, https:\/\/uphill.cat\/wp-content\/uploads\/2021\/04\/pexels-photo-5849597-1-480x282.jpeg 480w\" sizes=\"(min-width: 0px) and (max-width: 480px) 480px, (min-width: 481px) and (max-width: 980px) 980px, (min-width: 981px) 1024px, 100vw\" \/><\/figure>\n\n\n\n<p>La <strong>adicci\u00f3n<\/strong> es una enfermedad <strong>multifactorial<\/strong> en la que se ven implicados factores biol\u00f3gicos, psicol\u00f3gicos y sociales. A pesar de que no se pueden establecer relaciones de causa-efecto si que se conocen determinados aspectos que predisponen o favorecen la aparici\u00f3n de la adicci\u00f3n.<\/p>\n\n\n\n<p><br>Existen m\u00faltiples factores relacionados con las adicciones, pero ninguno de ellos es determinante, sino que la manifestaci\u00f3n definitiva del trastorno es el resultado de la combinaci\u00f3n entre ellos.<\/p>\n\n\n\n<p><br>Podemos dividir los <strong>factores de riesgo<\/strong> en tres categor\u00edas:<\/p>\n\n\n\n<p><strong>Individuales:<\/strong><\/p>\n\n\n\n<ul class=\"wp-block-list\"><li>Baja autoestima<\/li><li>Inteligencia emocional deficitaria<\/li><li>Carencia en habilidades sociales<\/li><li>Dificultades para anticipar, planificar, inhibir la impulsividad y realizar juicios sobre las consecuencias de los propios actos<\/li><li>Otros trastornos mentales, especialmente los relacionados con la ansiedad, la depresi\u00f3n y el estr\u00e9s<\/li><li>Inicio temprano del consumo<\/li><li>Vivencia de situaciones estresantes<\/li><li>Absentismo y abandono escolar<\/li><\/ul>\n\n\n\n<p><strong>Familiares:<\/strong><\/p>\n\n\n\n<ul class=\"wp-block-list\"><li>Consumo por parte de familiares<\/li><li>Tolerancia o incentivaci\u00f3n del consumo por parte de familiares<\/li><li>Antecedentes familiares de adicci\u00f3n u otros trastornos mentales<\/li><li>Disfunci\u00f3n y desestructuraci\u00f3n familiar<\/li><li>Carencia de normas<\/li><li>Relaci\u00f3n distante con los progenitores<\/li><\/ul>\n\n\n\n<p><strong>Sociales:<\/strong><\/p>\n\n\n\n<ul class=\"wp-block-list\"><li>Amistades consumidoras<\/li><li>Promoci\u00f3n social del consumo mediante la aceptabilidad y la baja percepci\u00f3n de riesgo<\/li><li>Disponibilidad y accesibilidad para consumir<\/li><\/ul>\n\n\n\n<p>Bustos, O. E. A. (2012). Algunos factores relacionados con las adicciones.&nbsp;<em>Revista de especialidades m\u00e9dico-quir\u00fargicas<\/em>,&nbsp;<em>17<\/em>(2), 69-70.<\/p>\n\n\n\n<p>Carmona, Y. L. M., &amp; Pe\u00f1a, K. V. (2017). Factores psicosociales asociados al consumo y adicci\u00f3n a sustancias psicoactivas.&nbsp;<em>Revista Electr\u00f3nica de Psicolog\u00eda Iztacala<\/em>,&nbsp;<em>20<\/em>(1), 139-167.<\/p>\n","protected":false},"excerpt":{"rendered":"<p>La adicci\u00f3n es una enfermedad multifactorial en la que se ven implicados factores biol\u00f3gicos, psicol\u00f3gicos y sociales. A pesar de que no se pueden establecer relaciones de causa-efecto si que se conocen determinados aspectos que predisponen o favorecen la aparici\u00f3n de la adicci\u00f3n. Existen m\u00faltiples factores relacionados con las adicciones, pero ninguno de ellos es [&hellip;]<\/p>\n","protected":false},"author":3,"featured_media":0,"comment_status":"closed","ping_status":"closed","sticky":false,"template":"","format":"standard","meta":{"_et_pb_use_builder":"off","_et_pb_old_content":"","_et_gb_content_width":"","wp_popup_display_lightbox":0,"wp_popup_suppress":"","wp_popup_trigger":"","wp_popup_trigger_amount":0,"wp_popup_disable_on_mobile":false,"footnotes":""},"categories":[1],"tags":[],"class_list":["post-1838","post","type-post","status-publish","format-standard","hentry","category-blog"],"_links":{"self":[{"href":"https:\/\/uphill.cat\/es\/wp-json\/wp\/v2\/posts\/1838","targetHints":{"allow":["GET"]}}],"collection":[{"href":"https:\/\/uphill.cat\/es\/wp-json\/wp\/v2\/posts"}],"about":[{"href":"https:\/\/uphill.cat\/es\/wp-json\/wp\/v2\/types\/post"}],"author":[{"embeddable":true,"href":"https:\/\/uphill.cat\/es\/wp-json\/wp\/v2\/users\/3"}],"replies":[{"embeddable":true,"href":"https:\/\/uphill.cat\/es\/wp-json\/wp\/v2\/comments?post=1838"}],"version-history":[{"count":1,"href":"https:\/\/uphill.cat\/es\/wp-json\/wp\/v2\/posts\/1838\/revisions"}],"predecessor-version":[{"id":1840,"href":"https:\/\/uphill.cat\/es\/wp-json\/wp\/v2\/posts\/1838\/revisions\/1840"}],"wp:attachment":[{"href":"https:\/\/uphill.cat\/es\/wp-json\/wp\/v2\/media?parent=1838"}],"wp:term":[{"taxonomy":"category","embeddable":true,"href":"https:\/\/uphill.cat\/es\/wp-json\/wp\/v2\/categories?post=1838"},{"taxonomy":"post_tag","embeddable":true,"href":"https:\/\/uphill.cat\/es\/wp-json\/wp\/v2\/tags?post=1838"}],"curies":[{"name":"wp","href":"https:\/\/api.w.org\/{rel}","templated":true}]}}